{"id":8010,"date":"2026-04-17T09:45:03","date_gmt":"2026-04-17T08:45:03","guid":{"rendered":"https:\/\/academy.isq.pt\/?p=8010"},"modified":"2026-04-17T14:38:47","modified_gmt":"2026-04-17T13:38:47","slug":"isq-academy-melom-qualificacao-construcao","status":"publish","type":"post","link":"https:\/\/academy.isq.pt\/en_gb\/isq-academy-melom-qualificacao-construcao\/","title":{"rendered":"ISQ Academy e MELOM refor\u00e7am qualifica\u00e7\u00e3o na constru\u00e7\u00e3o"},"content":{"rendered":"<div data-elementor-type=\"wp-post\" data-elementor-id=\"8010\" class=\"elementor elementor-8010\" data-elementor-post-type=\"post\">\n\t\t\t\t<div class=\"has_ae_slider elementor-element elementor-element-3950ec6e e-flex e-con-boxed ae-bg-gallery-type-default e-con e-parent\" data-id=\"3950ec6e\" data-element_type=\"container\" data-settings=\"{&quot;ekit_has_onepagescroll_dot&quot;:&quot;yes&quot;}\">\n\t\t\t\t\t<div class=\"e-con-inner\">\n\t\t\t\t<div class=\"elementor-element elementor-element-6fbc6860 elementor-widget elementor-widget-image\" data-id=\"6fbc6860\" data-element_type=\"widget\" data-settings=\"{&quot;ekit_we_effect_on&quot;:&quot;none&quot;}\" data-widget_type=\"image.default\">\n\t\t\t\t<div class=\"elementor-widget-container\">\n\t\t\t\t\t\t\t\t\t\t\t\t\t\t\t<img fetchpriority=\"high\" decoding=\"async\" width=\"800\" height=\"450\" src=\"https:\/\/academy.isq.pt\/wp-content\/uploads\/ARC.jpeg\" class=\"attachment-full size-full wp-image-8014\" alt=\"\" srcset=\"https:\/\/academy.isq.pt\/wp-content\/uploads\/ARC.jpeg 800w, https:\/\/academy.isq.pt\/wp-content\/uploads\/ARC-300x169.jpeg 300w, https:\/\/academy.isq.pt\/wp-content\/uploads\/ARC-150x84.jpeg 150w, https:\/\/academy.isq.pt\/wp-content\/uploads\/ARC-768x432.jpeg 768w, https:\/\/academy.isq.pt\/wp-content\/uploads\/ARC-18x10.jpeg 18w\" sizes=\"(max-width: 800px) 100vw, 800px\" \/>\t\t\t\t\t\t\t\t\t\t\t\t\t\t\t<\/div>\n\t\t\t\t<\/div>\n\t\t\t\t<div class=\"elementor-element elementor-element-5c246400 elementor-widget elementor-widget-heading\" data-id=\"5c246400\" data-element_type=\"widget\" data-settings=\"{&quot;ekit_we_effect_on&quot;:&quot;none&quot;}\" data-widget_type=\"heading.default\">\n\t\t\t\t<div class=\"elementor-widget-container\">\n\t\t\t\t\t<h2 class=\"elementor-heading-title elementor-size-default\">ISQ Academy e MELOM refor\u00e7am qualifica\u00e7\u00e3o na constru\u00e7\u00e3o<\/h2>\t\t\t\t<\/div>\n\t\t\t\t<\/div>\n\t\t\t\t<div class=\"elementor-element elementor-element-23e15aae elementor-widget elementor-widget-spacer\" data-id=\"23e15aae\" data-element_type=\"widget\" data-settings=\"{&quot;ekit_we_effect_on&quot;:&quot;none&quot;}\" data-widget_type=\"spacer.default\">\n\t\t\t\t<div class=\"elementor-widget-container\">\n\t\t\t\t\t\t\t<div class=\"elementor-spacer\">\n\t\t\t<div class=\"elementor-spacer-inner\"><\/div>\n\t\t<\/div>\n\t\t\t\t\t\t<\/div>\n\t\t\t\t<\/div>\n\t\t\t\t<div class=\"elementor-element elementor-element-759199e elementor-widget elementor-widget-heading\" data-id=\"759199e\" data-element_type=\"widget\" data-settings=\"{&quot;ekit_we_effect_on&quot;:&quot;none&quot;}\" data-widget_type=\"heading.default\">\n\t\t\t\t<div class=\"elementor-widget-container\">\n\t\t\t\t\t<h2 class=\"elementor-heading-title elementor-size-default\">Parceria estrat\u00e9gica para responder aos desafios do setor<\/h2>\t\t\t\t<\/div>\n\t\t\t\t<\/div>\n\t\t\t\t<div class=\"elementor-element elementor-element-39e58c89 elementor-widget elementor-widget-text-editor\" data-id=\"39e58c89\" data-element_type=\"widget\" data-settings=\"{&quot;ekit_we_effect_on&quot;:&quot;none&quot;}\" data-widget_type=\"text-editor.default\">\n\t\t\t\t<div class=\"elementor-widget-container\">\n\t\t\t\t\t\t\t\t\t<p data-start=\"566\" data-end=\"837\">O ISQ Academy e a MELOM\/Querido Mudei a Casa formalizaram uma parceria estrat\u00e9gica no \u00e2mbito do Projeto<b> ARC\u00ae \u2013 Academia de Remodela\u00e7\u00e3o e Constru\u00e7\u00e3o<\/b>. <strong data-start=\"715\" data-end=\"738\">O objetivo \u00e9 claro:<\/strong> responder \u00e0 escassez de m\u00e3o de obra qualificada no setor da constru\u00e7\u00e3o e reabilita\u00e7\u00e3o em Portugal.<\/p><p data-start=\"839\" data-end=\"1177\">Atualmente, o setor enfrenta desafios cada vez mais exigentes. <span data-start=\"902\" data-end=\"917\">Por um lado<\/span>, surgem novos materiais e t\u00e9cnicas. <span data-start=\"954\" data-end=\"967\">Por outro<\/span>, aumentam as exig\u00eancias ao n\u00edvel da qualidade, seguran\u00e7a e sustentabilidade. <span data-start=\"1045\" data-end=\"1063\">Neste contexto<\/span>, a qualifica\u00e7\u00e3o de profissionais torna-se essencial para garantir uma resposta eficaz \u00e0s necessidades do mercado.<\/p>\t\t\t\t\t\t\t\t<\/div>\n\t\t\t\t<\/div>\n\t\t\t\t<div class=\"elementor-element elementor-element-50cd2c6f elementor-widget elementor-widget-image\" data-id=\"50cd2c6f\" data-element_type=\"widget\" data-settings=\"{&quot;ekit_we_effect_on&quot;:&quot;none&quot;}\" data-widget_type=\"image.default\">\n\t\t\t\t<div class=\"elementor-widget-container\">\n\t\t\t\t\t\t\t\t\t\t\t\t<figure class=\"wp-caption\">\n\t\t\t\t\t\t\t\t\t\t\t<a href=\"https:\/\/academy.isq.pt\/en_gb\/arc-academia-de-remodelacao-e-construcao\/\">\n\t\t\t\t\t\t\t<img decoding=\"async\" src=\"https:\/\/academy.isq.pt\/wp-content\/uploads\/elementor\/thumbs\/Melom-e-ISQ-Academy_Margarida-Segard-rm4x4ynodmygszyabxcu9vt79n3rgjxcuwxjzytthk.jpeg\" title=\"Melom e ISQ Academy_Margarida Segard\" alt=\"ISQ Academy e MELOM estabelecem parceria para refor\u00e7ar qualifica\u00e7\u00e3o no setor da constru\u00e7\u00e3o\" loading=\"lazy\" \/>\t\t\t\t\t\t\t\t<\/a>\n\t\t\t\t\t\t\t\t\t\t\t<figcaption class=\"widget-image-caption wp-caption-text\">Vasco Magalh\u00e3es (Diretor-Geral da MELOM) e Margarida Segard (Diretora do ISQ Academy)<\/figcaption>\n\t\t\t\t\t\t\t\t\t\t<\/figure>\n\t\t\t\t\t\t\t\t\t<\/div>\n\t\t\t\t<\/div>\n\t\t\t\t<div class=\"elementor-element elementor-element-53424a5 elementor-widget elementor-widget-spacer\" data-id=\"53424a5\" data-element_type=\"widget\" data-settings=\"{&quot;ekit_we_effect_on&quot;:&quot;none&quot;}\" data-widget_type=\"spacer.default\">\n\t\t\t\t<div class=\"elementor-widget-container\">\n\t\t\t\t\t\t\t<div class=\"elementor-spacer\">\n\t\t\t<div class=\"elementor-spacer-inner\"><\/div>\n\t\t<\/div>\n\t\t\t\t\t\t<\/div>\n\t\t\t\t<\/div>\n\t\t\t\t<div class=\"elementor-element elementor-element-1309330 elementor-widget elementor-widget-text-editor\" data-id=\"1309330\" data-element_type=\"widget\" data-settings=\"{&quot;ekit_we_effect_on&quot;:&quot;none&quot;}\" data-widget_type=\"text-editor.default\">\n\t\t\t\t<div class=\"elementor-widget-container\">\n\t\t\t\t\t\t\t\t\t<p data-start=\"364\" data-end=\"670\">O Projeto <b>ARC\u00ae \u2013 Academia de Remodela\u00e7\u00e3o e Constru\u00e7\u00e3o<\/b> foi criado pelo ISQ Academy com um prop\u00f3sito concreto: formar uma nova gera\u00e7\u00e3o de profissionais da constru\u00e7\u00e3o. <span data-start=\"529\" data-end=\"542\" style=\"\">Para isso<\/span>, aposta numa abordagem pr\u00e1tica, orientada para a execu\u00e7\u00e3o e, <span data-start=\"604\" data-end=\"623\" style=\"\">simultaneamente<\/span>, alinhada com os desafios atuais da ind\u00fastria.<\/p>\n<p data-start=\"672\" data-end=\"975\"><span data-start=\"672\" data-end=\"687\">Por um lado<\/span>, dirige-se a quem procura uma nova oportunidade profissional. <span data-start=\"750\" data-end=\"763\">Por outro<\/span>, apoia profissionais no terreno que pretendem atualizar compet\u00eancias e, <span data-start=\"836\" data-end=\"850\">al\u00e9m disso<\/span>, elevar os seus padr\u00f5es de qualidade. <span data-start=\"889\" data-end=\"898\">Assim<\/span>, cria percursos formativos com impacto real e direto no mercado de trabalho.<\/p>\n<p data-start=\"977\" data-end=\"1327\"><span data-start=\"977\" data-end=\"995\">Ao mesmo tempo<\/span>, ao integrar conhecimento t\u00e9cnico, experi\u00eancia pr\u00e1tica e colabora\u00e7\u00e3o com empresas de refer\u00eancia, o ISQ Academy e a MELOM contribuem para um objetivo comum. <span data-start=\"1152\" data-end=\"1169\">Neste sentido<\/span>, esse objetivo passa por aumentar a qualifica\u00e7\u00e3o dos profissionais, <span data-start=\"1238\" data-end=\"1250\">bem como<\/span> melhorar a qualidade dos servi\u00e7os prestados e refor\u00e7ar a confian\u00e7a no setor.<\/p>\n<p data-start=\"1329\" data-end=\"1593\"><span data-start=\"1329\" data-end=\"1343\">Atualmente<\/span>, num momento em que o setor exige mais rigor, mais efici\u00eancia e maior especializa\u00e7\u00e3o, iniciativas como esta assumem um papel decisivo. <span data-start=\"1479\" data-end=\"1491\">Por isso<\/span>, n\u00e3o s\u00f3 preparam profissionais, como tamb\u00e9m contribuem ativamente para a sustentabilidade do mercado.<\/p>\n<p data-start=\"1595\" data-end=\"1775\"><span data-start=\"1595\" data-end=\"1606\" style=\"\">Por fim<\/span>, h\u00e1 uma certeza: construir o futuro da constru\u00e7\u00e3o come\u00e7a pelas pessoas \u2014 e, <span data-start=\"1683\" data-end=\"1700\" style=\"\">acima de tudo<\/span>, pelas compet\u00eancias que desenvolvem ao longo do seu percurso profissional.<\/p>\t\t\t\t\t\t\t\t<\/div>\n\t\t\t\t<\/div>\n\t\t\t\t\t<\/div>\n\t\t\t\t<\/div>\n\t\t<div class=\"has_ae_slider elementor-element elementor-element-39b8c3c e-flex e-con-boxed ae-bg-gallery-type-default e-con e-parent\" data-id=\"39b8c3c\" data-element_type=\"container\" data-settings=\"{&quot;ekit_has_onepagescroll_dot&quot;:&quot;yes&quot;}\">\n\t\t\t\t\t<div class=\"e-con-inner\">\n\t\t\t\t<div class=\"elementor-element elementor-element-8f3a814 elementor-align-center elementor-widget elementor-widget-button\" data-id=\"8f3a814\" data-element_type=\"widget\" data-settings=\"{&quot;ekit_we_effect_on&quot;:&quot;none&quot;}\" data-widget_type=\"button.default\">\n\t\t\t\t<div class=\"elementor-widget-container\">\n\t\t\t\t\t\t\t\t\t<div class=\"elementor-button-wrapper\">\n\t\t\t\t\t<a class=\"elementor-button elementor-button-link elementor-size-sm\" href=\"https:\/\/academy.isq.pt\/en_gb\/arc-academia-de-remodelacao-e-construcao\/\">\n\t\t\t\t\t\t<span class=\"elementor-button-content-wrapper\">\n\t\t\t\t\t\t\t\t\t<span class=\"elementor-button-text\">Conhe\u00e7a o Projeto ARC\u00ae<\/span>\n\t\t\t\t\t<\/span>\n\t\t\t\t\t<\/a>\n\t\t\t\t<\/div>\n\t\t\t\t\t\t\t\t<\/div>\n\t\t\t\t<\/div>\n\t\t\t\t<div class=\"elementor-element elementor-element-b368627 elementor-align-center elementor-widget elementor-widget-button\" data-id=\"b368627\" data-element_type=\"widget\" data-settings=\"{&quot;ekit_we_effect_on&quot;:&quot;none&quot;}\" data-widget_type=\"button.default\">\n\t\t\t\t<div class=\"elementor-widget-container\">\n\t\t\t\t\t\t\t\t\t<div class=\"elementor-button-wrapper\">\n\t\t\t\t\t<a class=\"elementor-button elementor-button-link elementor-size-sm\" href=\"https:\/\/melom.pt\/\">\n\t\t\t\t\t\t<span class=\"elementor-button-content-wrapper\">\n\t\t\t\t\t\t\t\t\t<span class=\"elementor-button-text\">Mais sobre a Melom<\/span>\n\t\t\t\t\t<\/span>\n\t\t\t\t\t<\/a>\n\t\t\t\t<\/div>\n\t\t\t\t\t\t\t\t<\/div>\n\t\t\t\t<\/div>\n\t\t\t\t\t<\/div>\n\t\t\t\t<\/div>\n\t\t\t\t<\/div>","protected":false},"excerpt":{"rendered":"<p>Parceria estrat\u00e9gica para responder aos desafios do setor O ISQ Academy e a MELOM\/Querido Mudei a Casa formalizaram uma parceria estrat\u00e9gica no \u00e2mbito do Projeto ARC\u00ae \u2013 Academia de Remodela\u00e7\u00e3o e Constru\u00e7\u00e3o. O objetivo \u00e9 claro: responder \u00e0 escassez de m\u00e3o de obra qualificada no setor da constru\u00e7\u00e3o e reabilita\u00e7\u00e3o em Portugal. Atualmente, o setor [&hellip;]<\/p>","protected":false},"author":10,"featured_media":8014,"comment_status":"closed","ping_status":"closed","sticky":false,"template":"","format":"standard","meta":{"_acf_changed":false,"footnotes":""},"categories":[1],"tags":[],"class_list":["post-8010","post","type-post","status-publish","format-standard","has-post-thumbnail","hentry","category-uncategorized"],"acf":[],"yoast_head":"<!-- This site is optimized with the Yoast SEO Premium plugin v25.8 (Yoast SEO v25.8) - https:\/\/yoast.com\/wordpress\/plugins\/seo\/ -->\n<title>ISQ Academy e MELOM refor\u00e7am qualifica\u00e7\u00e3o na constru\u00e7\u00e3o<\/title>\n<meta name=\"description\" content=\"ISQ Academy e MELOM estabelecem parceria no projeto ARC\u00ae para responder \u00e0 falta de m\u00e3o de obra qualificada na constru\u00e7\u00e3o em Portugal.\" \/>\n<meta name=\"robots\" content=\"index, follow, max-snippet:-1, max-image-preview:large, max-video-preview:-1\" \/>\n<link rel=\"canonical\" href=\"https:\/\/academy.isq.pt\/en_gb\/isq-academy-melom-qualificacao-construcao\/\" \/>\n<meta property=\"og:locale\" content=\"en_GB\" \/>\n<meta property=\"og:type\" content=\"article\" \/>\n<meta property=\"og:title\" content=\"ISQ Academy e MELOM refor\u00e7am qualifica\u00e7\u00e3o na constru\u00e7\u00e3o\" \/>\n<meta property=\"og:description\" content=\"ISQ Academy e MELOM estabelecem parceria no projeto ARC\u00ae para responder \u00e0 falta de m\u00e3o de obra qualificada na constru\u00e7\u00e3o em Portugal.\" \/>\n<meta property=\"og:url\" content=\"https:\/\/academy.isq.pt\/en_gb\/isq-academy-melom-qualificacao-construcao\/\" \/>\n<meta property=\"og:site_name\" content=\"ISQ Academy\" \/>\n<meta property=\"article:published_time\" content=\"2026-04-17T08:45:03+00:00\" \/>\n<meta property=\"article:modified_time\" content=\"2026-04-17T13:38:47+00:00\" \/>\n<meta property=\"og:image\" content=\"https:\/\/academy.isq.pt\/wp-content\/uploads\/ARC.jpeg\" \/>\n\t<meta property=\"og:image:width\" content=\"800\" \/>\n\t<meta property=\"og:image:height\" content=\"450\" \/>\n\t<meta property=\"og:image:type\" content=\"image\/jpeg\" \/>\n<meta name=\"author\" content=\"Caio Santos\" \/>\n<meta name=\"twitter:card\" content=\"summary_large_image\" \/>\n<meta name=\"twitter:label1\" content=\"Written by\" \/>\n\t<meta name=\"twitter:data1\" content=\"Caio Santos\" \/>\n\t<meta name=\"twitter:label2\" content=\"Estimated reading time\" \/>\n\t<meta name=\"twitter:data2\" content=\"3 minutes\" \/>\n<script type=\"application\/ld+json\" class=\"yoast-schema-graph\">{\"@context\":\"https:\/\/schema.org\",\"@graph\":[{\"@type\":\"Article\",\"@id\":\"https:\/\/academy.isq.pt\/isq-academy-melom-qualificacao-construcao\/#article\",\"isPartOf\":{\"@id\":\"https:\/\/academy.isq.pt\/isq-academy-melom-qualificacao-construcao\/\"},\"author\":{\"name\":\"Caio Santos\",\"@id\":\"https:\/\/academy.isq.pt\/#\/schema\/person\/9866d0cc13d6dcd120f3d61822b9c488\"},\"headline\":\"ISQ Academy e MELOM refor\u00e7am qualifica\u00e7\u00e3o na constru\u00e7\u00e3o\",\"datePublished\":\"2026-04-17T08:45:03+00:00\",\"dateModified\":\"2026-04-17T13:38:47+00:00\",\"mainEntityOfPage\":{\"@id\":\"https:\/\/academy.isq.pt\/isq-academy-melom-qualificacao-construcao\/\"},\"wordCount\":370,\"publisher\":{\"@id\":\"https:\/\/academy.isq.pt\/#organization\"},\"image\":{\"@id\":\"https:\/\/academy.isq.pt\/isq-academy-melom-qualificacao-construcao\/#primaryimage\"},\"thumbnailUrl\":\"https:\/\/academy.isq.pt\/wp-content\/uploads\/ARC.jpeg\",\"articleSection\":[\"Uncategorized\"],\"inLanguage\":\"en-GB\"},{\"@type\":\"WebPage\",\"@id\":\"https:\/\/academy.isq.pt\/isq-academy-melom-qualificacao-construcao\/\",\"url\":\"https:\/\/academy.isq.pt\/isq-academy-melom-qualificacao-construcao\/\",\"name\":\"ISQ Academy e MELOM refor\u00e7am qualifica\u00e7\u00e3o na constru\u00e7\u00e3o\",\"isPartOf\":{\"@id\":\"https:\/\/academy.isq.pt\/#website\"},\"primaryImageOfPage\":{\"@id\":\"https:\/\/academy.isq.pt\/isq-academy-melom-qualificacao-construcao\/#primaryimage\"},\"image\":{\"@id\":\"https:\/\/academy.isq.pt\/isq-academy-melom-qualificacao-construcao\/#primaryimage\"},\"thumbnailUrl\":\"https:\/\/academy.isq.pt\/wp-content\/uploads\/ARC.jpeg\",\"datePublished\":\"2026-04-17T08:45:03+00:00\",\"dateModified\":\"2026-04-17T13:38:47+00:00\",\"description\":\"ISQ Academy e MELOM estabelecem parceria no projeto ARC\u00ae para responder \u00e0 falta de m\u00e3o de obra qualificada na constru\u00e7\u00e3o em Portugal.\",\"breadcrumb\":{\"@id\":\"https:\/\/academy.isq.pt\/isq-academy-melom-qualificacao-construcao\/#breadcrumb\"},\"inLanguage\":\"en-GB\",\"potentialAction\":[{\"@type\":\"ReadAction\",\"target\":[\"https:\/\/academy.isq.pt\/isq-academy-melom-qualificacao-construcao\/\"]}]},{\"@type\":\"ImageObject\",\"inLanguage\":\"en-GB\",\"@id\":\"https:\/\/academy.isq.pt\/isq-academy-melom-qualificacao-construcao\/#primaryimage\",\"url\":\"https:\/\/academy.isq.pt\/wp-content\/uploads\/ARC.jpeg\",\"contentUrl\":\"https:\/\/academy.isq.pt\/wp-content\/uploads\/ARC.jpeg\",\"width\":800,\"height\":450,\"caption\":\"Parceiros para a Constru\u00e7\u00e3o e Reabilita\u00e7\u00e3o em Portugal: ISQ Academy & MELOM\"},{\"@type\":\"BreadcrumbList\",\"@id\":\"https:\/\/academy.isq.pt\/isq-academy-melom-qualificacao-construcao\/#breadcrumb\",\"itemListElement\":[{\"@type\":\"ListItem\",\"position\":1,\"name\":\"Home\",\"item\":\"https:\/\/academy.isq.pt\/\"},{\"@type\":\"ListItem\",\"position\":2,\"name\":\"ISQ Academy e MELOM refor\u00e7am qualifica\u00e7\u00e3o na constru\u00e7\u00e3o\"}]},{\"@type\":\"WebSite\",\"@id\":\"https:\/\/academy.isq.pt\/#website\",\"url\":\"https:\/\/academy.isq.pt\/\",\"name\":\"ISQ Academy\",\"description\":\"A Sua Academia para a Tecnologia e para as Pessoas.\",\"publisher\":{\"@id\":\"https:\/\/academy.isq.pt\/#organization\"},\"potentialAction\":[{\"@type\":\"SearchAction\",\"target\":{\"@type\":\"EntryPoint\",\"urlTemplate\":\"https:\/\/academy.isq.pt\/?s={search_term_string}\"},\"query-input\":{\"@type\":\"PropertyValueSpecification\",\"valueRequired\":true,\"valueName\":\"search_term_string\"}}],\"inLanguage\":\"en-GB\"},{\"@type\":\"Organization\",\"@id\":\"https:\/\/academy.isq.pt\/#organization\",\"name\":\"ISQ Academy\",\"url\":\"https:\/\/academy.isq.pt\/\",\"logo\":{\"@type\":\"ImageObject\",\"inLanguage\":\"en-GB\",\"@id\":\"https:\/\/academy.isq.pt\/#\/schema\/logo\/image\/\",\"url\":\"https:\/\/academy.isq.pt\/wp-content\/uploads\/2025\/03\/isqlogo.svg\",\"contentUrl\":\"https:\/\/academy.isq.pt\/wp-content\/uploads\/2025\/03\/isqlogo.svg\",\"width\":800,\"height\":800,\"caption\":\"ISQ Academy\"},\"image\":{\"@id\":\"https:\/\/academy.isq.pt\/#\/schema\/logo\/image\/\"}},{\"@type\":\"Person\",\"@id\":\"https:\/\/academy.isq.pt\/#\/schema\/person\/9866d0cc13d6dcd120f3d61822b9c488\",\"name\":\"Caio Santos\",\"image\":{\"@type\":\"ImageObject\",\"inLanguage\":\"en-GB\",\"@id\":\"https:\/\/academy.isq.pt\/#\/schema\/person\/image\/\",\"url\":\"https:\/\/secure.gravatar.com\/avatar\/d9ea7b881432271509f9f5f330bebdc789b3e950d0cc68a2a4cd544e5e9fe8b4?s=96&d=mm&r=g\",\"contentUrl\":\"https:\/\/secure.gravatar.com\/avatar\/d9ea7b881432271509f9f5f330bebdc789b3e950d0cc68a2a4cd544e5e9fe8b4?s=96&d=mm&r=g\",\"caption\":\"Caio Santos\"},\"url\":\"https:\/\/academy.isq.pt\/en_gb\/author\/caiosantos\/\"}]}<\/script>\n<!-- \/ Yoast SEO Premium plugin. -->","yoast_head_json":{"title":"ISQ Academy e MELOM refor\u00e7am qualifica\u00e7\u00e3o na constru\u00e7\u00e3o","description":"ISQ Academy e MELOM estabelecem parceria no projeto ARC\u00ae para responder \u00e0 falta de m\u00e3o de obra qualificada na constru\u00e7\u00e3o em Portugal.","robots":{"index":"index","follow":"follow","max-snippet":"max-snippet:-1","max-image-preview":"max-image-preview:large","max-video-preview":"max-video-preview:-1"},"canonical":"https:\/\/academy.isq.pt\/en_gb\/isq-academy-melom-qualificacao-construcao\/","og_locale":"en_GB","og_type":"article","og_title":"ISQ Academy e MELOM refor\u00e7am qualifica\u00e7\u00e3o na constru\u00e7\u00e3o","og_description":"ISQ Academy e MELOM estabelecem parceria no projeto ARC\u00ae para responder \u00e0 falta de m\u00e3o de obra qualificada na constru\u00e7\u00e3o em Portugal.","og_url":"https:\/\/academy.isq.pt\/en_gb\/isq-academy-melom-qualificacao-construcao\/","og_site_name":"ISQ Academy","article_published_time":"2026-04-17T08:45:03+00:00","article_modified_time":"2026-04-17T13:38:47+00:00","og_image":[{"width":800,"height":450,"url":"https:\/\/academy.isq.pt\/wp-content\/uploads\/ARC.jpeg","type":"image\/jpeg"}],"author":"Caio Santos","twitter_card":"summary_large_image","twitter_misc":{"Written by":"Caio Santos","Estimated reading time":"3 minutes"},"schema":{"@context":"https:\/\/schema.org","@graph":[{"@type":"Article","@id":"https:\/\/academy.isq.pt\/isq-academy-melom-qualificacao-construcao\/#article","isPartOf":{"@id":"https:\/\/academy.isq.pt\/isq-academy-melom-qualificacao-construcao\/"},"author":{"name":"Caio Santos","@id":"https:\/\/academy.isq.pt\/#\/schema\/person\/9866d0cc13d6dcd120f3d61822b9c488"},"headline":"ISQ Academy e MELOM refor\u00e7am qualifica\u00e7\u00e3o na constru\u00e7\u00e3o","datePublished":"2026-04-17T08:45:03+00:00","dateModified":"2026-04-17T13:38:47+00:00","mainEntityOfPage":{"@id":"https:\/\/academy.isq.pt\/isq-academy-melom-qualificacao-construcao\/"},"wordCount":370,"publisher":{"@id":"https:\/\/academy.isq.pt\/#organization"},"image":{"@id":"https:\/\/academy.isq.pt\/isq-academy-melom-qualificacao-construcao\/#primaryimage"},"thumbnailUrl":"https:\/\/academy.isq.pt\/wp-content\/uploads\/ARC.jpeg","articleSection":["Uncategorized"],"inLanguage":"en-GB"},{"@type":"WebPage","@id":"https:\/\/academy.isq.pt\/isq-academy-melom-qualificacao-construcao\/","url":"https:\/\/academy.isq.pt\/isq-academy-melom-qualificacao-construcao\/","name":"ISQ Academy e MELOM refor\u00e7am qualifica\u00e7\u00e3o na constru\u00e7\u00e3o","isPartOf":{"@id":"https:\/\/academy.isq.pt\/#website"},"primaryImageOfPage":{"@id":"https:\/\/academy.isq.pt\/isq-academy-melom-qualificacao-construcao\/#primaryimage"},"image":{"@id":"https:\/\/academy.isq.pt\/isq-academy-melom-qualificacao-construcao\/#primaryimage"},"thumbnailUrl":"https:\/\/academy.isq.pt\/wp-content\/uploads\/ARC.jpeg","datePublished":"2026-04-17T08:45:03+00:00","dateModified":"2026-04-17T13:38:47+00:00","description":"ISQ Academy e MELOM estabelecem parceria no projeto ARC\u00ae para responder \u00e0 falta de m\u00e3o de obra qualificada na constru\u00e7\u00e3o em Portugal.","breadcrumb":{"@id":"https:\/\/academy.isq.pt\/isq-academy-melom-qualificacao-construcao\/#breadcrumb"},"inLanguage":"en-GB","potentialAction":[{"@type":"ReadAction","target":["https:\/\/academy.isq.pt\/isq-academy-melom-qualificacao-construcao\/"]}]},{"@type":"ImageObject","inLanguage":"en-GB","@id":"https:\/\/academy.isq.pt\/isq-academy-melom-qualificacao-construcao\/#primaryimage","url":"https:\/\/academy.isq.pt\/wp-content\/uploads\/ARC.jpeg","contentUrl":"https:\/\/academy.isq.pt\/wp-content\/uploads\/ARC.jpeg","width":800,"height":450,"caption":"Parceiros para a Constru\u00e7\u00e3o e Reabilita\u00e7\u00e3o em Portugal: ISQ Academy & MELOM"},{"@type":"BreadcrumbList","@id":"https:\/\/academy.isq.pt\/isq-academy-melom-qualificacao-construcao\/#breadcrumb","itemListElement":[{"@type":"ListItem","position":1,"name":"Home","item":"https:\/\/academy.isq.pt\/"},{"@type":"ListItem","position":2,"name":"ISQ Academy e MELOM refor\u00e7am qualifica\u00e7\u00e3o na constru\u00e7\u00e3o"}]},{"@type":"WebSite","@id":"https:\/\/academy.isq.pt\/#website","url":"https:\/\/academy.isq.pt\/","name":"ISQ Academy","description":"A Sua Academia para a Tecnologia e para as Pessoas.","publisher":{"@id":"https:\/\/academy.isq.pt\/#organization"},"potentialAction":[{"@type":"SearchAction","target":{"@type":"EntryPoint","urlTemplate":"https:\/\/academy.isq.pt\/?s={search_term_string}"},"query-input":{"@type":"PropertyValueSpecification","valueRequired":true,"valueName":"search_term_string"}}],"inLanguage":"en-GB"},{"@type":"Organization","@id":"https:\/\/academy.isq.pt\/#organization","name":"ISQ Academy","url":"https:\/\/academy.isq.pt\/","logo":{"@type":"ImageObject","inLanguage":"en-GB","@id":"https:\/\/academy.isq.pt\/#\/schema\/logo\/image\/","url":"https:\/\/academy.isq.pt\/wp-content\/uploads\/2025\/03\/isqlogo.svg","contentUrl":"https:\/\/academy.isq.pt\/wp-content\/uploads\/2025\/03\/isqlogo.svg","width":800,"height":800,"caption":"ISQ Academy"},"image":{"@id":"https:\/\/academy.isq.pt\/#\/schema\/logo\/image\/"}},{"@type":"Person","@id":"https:\/\/academy.isq.pt\/#\/schema\/person\/9866d0cc13d6dcd120f3d61822b9c488","name":"Caio Santos","image":{"@type":"ImageObject","inLanguage":"en-GB","@id":"https:\/\/academy.isq.pt\/#\/schema\/person\/image\/","url":"https:\/\/secure.gravatar.com\/avatar\/d9ea7b881432271509f9f5f330bebdc789b3e950d0cc68a2a4cd544e5e9fe8b4?s=96&d=mm&r=g","contentUrl":"https:\/\/secure.gravatar.com\/avatar\/d9ea7b881432271509f9f5f330bebdc789b3e950d0cc68a2a4cd544e5e9fe8b4?s=96&d=mm&r=g","caption":"Caio Santos"},"url":"https:\/\/academy.isq.pt\/en_gb\/author\/caiosantos\/"}]}},"_links":{"self":[{"href":"https:\/\/academy.isq.pt\/en_gb\/wp-json\/wp\/v2\/posts\/8010","targetHints":{"allow":["GET"]}}],"collection":[{"href":"https:\/\/academy.isq.pt\/en_gb\/wp-json\/wp\/v2\/posts"}],"about":[{"href":"https:\/\/academy.isq.pt\/en_gb\/wp-json\/wp\/v2\/types\/post"}],"author":[{"embeddable":true,"href":"https:\/\/academy.isq.pt\/en_gb\/wp-json\/wp\/v2\/users\/10"}],"replies":[{"embeddable":true,"href":"https:\/\/academy.isq.pt\/en_gb\/wp-json\/wp\/v2\/comments?post=8010"}],"version-history":[{"count":27,"href":"https:\/\/academy.isq.pt\/en_gb\/wp-json\/wp\/v2\/posts\/8010\/revisions"}],"predecessor-version":[{"id":8054,"href":"https:\/\/academy.isq.pt\/en_gb\/wp-json\/wp\/v2\/posts\/8010\/revisions\/8054"}],"wp:featuredmedia":[{"embeddable":true,"href":"https:\/\/academy.isq.pt\/en_gb\/wp-json\/wp\/v2\/media\/8014"}],"wp:attachment":[{"href":"https:\/\/academy.isq.pt\/en_gb\/wp-json\/wp\/v2\/media?parent=8010"}],"wp:term":[{"taxonomy":"category","embeddable":true,"href":"https:\/\/academy.isq.pt\/en_gb\/wp-json\/wp\/v2\/categories?post=8010"},{"taxonomy":"post_tag","embeddable":true,"href":"https:\/\/academy.isq.pt\/en_gb\/wp-json\/wp\/v2\/tags?post=8010"}],"curies":[{"name":"wp","href":"https:\/\/api.w.org\/{rel}","templated":true}]}}